{"id":246,"date":"2020-04-18T10:42:20","date_gmt":"2020-04-18T08:42:20","guid":{"rendered":"https:\/\/icarlesesdevinguepiano.jlmirall.es\/?p=246"},"modified":"2023-09-01T18:59:54","modified_gmt":"2023-09-01T16:59:54","slug":"resso","status":"publish","type":"post","link":"https:\/\/icarlesesdevinguepiano.jlmirall.es\/?p=246","title":{"rendered":"RESS\u00d2"},"content":{"rendered":"\n<h2 class=\"wp-block-heading\">CCCC PODCAST<\/h2>\n\n\n\n<iframe frameborder='0' allowfullscreen='' scrolling='no' height='200' style='width:100%;' src='https:\/\/www.ivoox.com\/player_ej_111628976_6_1.html?c1=444344' loading='lazy'><\/iframe>\n\n\n\n<h2 class=\"wp-block-heading\">TERRITORI SONOR<\/h2>\n\n\n\n<figure class=\"wp-block-embed is-type-video is-provider-youtube wp-block-embed-youtube wp-embed-aspect-16-9 wp-has-aspect-ratio\"><div class=\"wp-block-embed__wrapper\">\n<iframe loading=\"lazy\" title=\"Entrevista Territori Sonor &quot;i Carles esdevingu\u00e9 Piano&quot;\" width=\"600\" height=\"338\" src=\"https:\/\/www.youtube.com\/embed\/fog4_E9CmWE?feature=oembed\" frameborder=\"0\" allow=\"accelerometer; autoplay; clipboard-write; encrypted-media; gyroscope; picture-in-picture; web-share\" referrerpolicy=\"strict-origin-when-cross-origin\" allowfullscreen><\/iframe>\n<\/div><\/figure>\n\n\n\n<h2 class=\"wp-block-heading\">\u00c0 Punt NTC<\/h2>\n\n\n\n<figure class=\"wp-block-embed is-type-video is-provider-youtube wp-block-embed-youtube wp-embed-aspect-16-9 wp-has-aspect-ratio\"><div class=\"wp-block-embed__wrapper\">\n<iframe loading=\"lazy\" title=\"Reportatge d&#039;\u00c0 Punt NTC  Documental Santos\" width=\"600\" height=\"338\" src=\"https:\/\/www.youtube.com\/embed\/4KJkD7iyvZ0?feature=oembed\" frameborder=\"0\" allow=\"accelerometer; autoplay; clipboard-write; encrypted-media; gyroscope; picture-in-picture; web-share\" referrerpolicy=\"strict-origin-when-cross-origin\" allowfullscreen><\/iframe>\n<\/div><\/figure>\n\n\n\n<h2 class=\"wp-block-heading\">GRAVETAT ZERO<\/h2>\n\n\n\n<figure class=\"wp-block-embed is-type-video is-provider-youtube wp-block-embed-youtube wp-embed-aspect-16-9 wp-has-aspect-ratio\"><div class=\"wp-block-embed__wrapper\">\n<iframe loading=\"lazy\" title=\"Entrevista en Gravetat Zero \u00c0 Punt\" width=\"600\" height=\"338\" src=\"https:\/\/www.youtube.com\/embed\/cPCHPAIGUFE?feature=oembed\" frameborder=\"0\" allow=\"accelerometer; autoplay; clipboard-write; encrypted-media; gyroscope; picture-in-picture; web-share\" referrerpolicy=\"strict-origin-when-cross-origin\" allowfullscreen><\/iframe>\n<\/div><\/figure>\n\n\n\n<h2 class=\"wp-block-heading\">ONDA CERO<\/h2>\n\n\n\n<figure class=\"wp-block-embed is-type-video is-provider-youtube wp-block-embed-youtube wp-embed-aspect-16-9 wp-has-aspect-ratio\"><div class=\"wp-block-embed__wrapper\">\n<iframe loading=\"lazy\" title=\"Entrevista en La Br\u00fajula ONDA CERO\" width=\"600\" height=\"338\" src=\"https:\/\/www.youtube.com\/embed\/WN5-mz0v6Hk?feature=oembed\" frameborder=\"0\" allow=\"accelerometer; autoplay; clipboard-write; encrypted-media; gyroscope; picture-in-picture; web-share\" referrerpolicy=\"strict-origin-when-cross-origin\" allowfullscreen><\/iframe>\n<\/div><\/figure>\n\n\n\n<h2 class=\"wp-block-heading\">NOMEPIERDONIUNA<\/h2>\n\n\n\n<blockquote class=\"embedly-card\" data-card-controls=\"0\"><h4><a href=\"https:\/\/www.nomepierdoniuna.net\/la-voz-de-carles-santos-se-convierte-en-piano-un-experimento-sobre-tocatico-tocata\/\">La voz de Carles Santos se convierte en piano. Un experimento sobre Tocatico Tocat\u00e0 | nomepierdoniuna<\/a><\/h4><p>El pianista y compositor Jos\u00e9 Luis Miralles nos invita a formar parte del universo de Carles Santos a trav\u00e9s de su &#8220;Tocatico Tocat\u00e0&#8221;. Lo hace con &#8216;Carles esdevingu\u00e9 piano&#8217;, proyecto que contiene una parte documental que nos acerca a la figura del conocido m\u00fasico, una reinterpretaci\u00f3n de la pieza a trav\u00e9s de la experimentaci\u00f3n y un juego interactivo con el que poder dar forma a nuestro propio &#8220;Tocatico Tocat\u00e0&#8221;.<\/p><\/blockquote>\n<script async=\"\" src=\"\/\/cdn.embedly.com\/widgets\/platform.js\" charset=\"UTF-8\"><\/script>\n\n\n\n<h2 class=\"wp-block-heading\">SUL PONTICELLO<\/h2>\n\n\n\n<blockquote class=\"embedly-card\" data-card-controls=\"0\"><h4><a href=\"https:\/\/sulponticello.com\/iii-epoca\/no-73\/conversando-con-jose-luis-miralles-bono\/\">[Conversando con&#8230;.] Jos\u00e9 Luis Miralles Bono<\/a><\/h4><p>Sergio Blardony: Hace unas semanas lanzaste un proyecto en la red, I Carles esdenvingu\u00e9 piano: un experiment sobre Tocatico Tocat\u00e0 . Me gustar\u00eda que comentaras de d\u00f3nde surgi\u00f3 y en qu\u00e9 consiste. Jos\u00e9 Luis Miralles Bono: En \u00e9poca de confinamiento todos los artistas nos hemos tenido que reinventar.<\/p><\/blockquote>\n<script async=\"\" src=\"\/\/cdn.embedly.com\/widgets\/platform.js\" charset=\"UTF-8\"><\/script>\n\n\n\n<h2 class=\"wp-block-heading\">FIESTACULTURA<\/h2>\n\n\n\n<figure class=\"wp-block-image size-large is-resized\"><a href=\"https:\/\/fiestacultura.com\"><img data-recalc-dims=\"1\" loading=\"lazy\" decoding=\"async\" src=\"https:\/\/i0.wp.com\/icarlesesdevinguepiano.jlmirall.es\/wp-content\/uploads\/2020\/09\/IMG_8438.jpg?resize=580%2C773&#038;ssl=1\" alt=\"\" class=\"wp-image-248\" style=\"width:580px;height:773px\" width=\"580\" height=\"773\" srcset=\"https:\/\/i0.wp.com\/icarlesesdevinguepiano.jlmirall.es\/wp-content\/uploads\/2020\/09\/IMG_8438.jpg?resize=768%2C1024&amp;ssl=1 768w, https:\/\/i0.wp.com\/icarlesesdevinguepiano.jlmirall.es\/wp-content\/uploads\/2020\/09\/IMG_8438.jpg?resize=225%2C300&amp;ssl=1 225w, https:\/\/i0.wp.com\/icarlesesdevinguepiano.jlmirall.es\/wp-content\/uploads\/2020\/09\/IMG_8438.jpg?resize=508%2C677&amp;ssl=1 508w, https:\/\/i0.wp.com\/icarlesesdevinguepiano.jlmirall.es\/wp-content\/uploads\/2020\/09\/IMG_8438.jpg?w=828&amp;ssl=1 828w\" sizes=\"auto, (max-width: 580px) 100vw, 580px\" \/><\/a><figcaption class=\"wp-element-caption\">UT SANTOS POESIS UT CARLES MUSICA | FIESTACULTURA OTO\u00d1O 2020<\/figcaption><\/figure>\n\n\n\n<p><\/p>\n","protected":false},"excerpt":{"rendered":"<p>CCCC PODCAST TERRITORI SONOR \u00c0 Punt NTC GRAVETAT ZERO ONDA CERO NOMEPIERDONIUNA La voz de Carles Santos se convierte en piano. Un experimento sobre Tocatico Tocat\u00e0 | nomepierdoniuna El pianista y compositor Jos\u00e9 Luis Miralles nos invita a formar parte del universo de Carles Santos a trav\u00e9s de su &#8220;Tocatico Tocat\u00e0&#8221;. Lo hace con &#8216;Carles [&hellip;]<\/p>\n","protected":false},"author":1,"featured_media":250,"comment_status":"closed","ping_status":"closed","sticky":false,"template":"","format":"standard","meta":{"_jetpack_memberships_contains_paid_content":false,"footnotes":""},"categories":[1],"tags":[],"class_list":["post-246","post","type-post","status-publish","format-standard","has-post-thumbnail","hentry","category-uncategorized"],"jetpack_featured_media_url":"https:\/\/i0.wp.com\/icarlesesdevinguepiano.jlmirall.es\/wp-content\/uploads\/2020\/04\/Captura-de-Pantalla-2020-09-18-a-les-12.09.28.png?fit=3008%2C3024&ssl=1","jetpack_sharing_enabled":true,"_links":{"self":[{"href":"https:\/\/icarlesesdevinguepiano.jlmirall.es\/index.php?rest_route=\/wp\/v2\/posts\/246","targetHints":{"allow":["GET"]}}],"collection":[{"href":"https:\/\/icarlesesdevinguepiano.jlmirall.es\/index.php?rest_route=\/wp\/v2\/posts"}],"about":[{"href":"https:\/\/icarlesesdevinguepiano.jlmirall.es\/index.php?rest_route=\/wp\/v2\/types\/post"}],"author":[{"embeddable":true,"href":"https:\/\/icarlesesdevinguepiano.jlmirall.es\/index.php?rest_route=\/wp\/v2\/users\/1"}],"replies":[{"embeddable":true,"href":"https:\/\/icarlesesdevinguepiano.jlmirall.es\/index.php?rest_route=%2Fwp%2Fv2%2Fcomments&post=246"}],"version-history":[{"count":5,"href":"https:\/\/icarlesesdevinguepiano.jlmirall.es\/index.php?rest_route=\/wp\/v2\/posts\/246\/revisions"}],"predecessor-version":[{"id":280,"href":"https:\/\/icarlesesdevinguepiano.jlmirall.es\/index.php?rest_route=\/wp\/v2\/posts\/246\/revisions\/280"}],"wp:featuredmedia":[{"embeddable":true,"href":"https:\/\/icarlesesdevinguepiano.jlmirall.es\/index.php?rest_route=\/wp\/v2\/media\/250"}],"wp:attachment":[{"href":"https:\/\/icarlesesdevinguepiano.jlmirall.es\/index.php?rest_route=%2Fwp%2Fv2%2Fmedia&parent=246"}],"wp:term":[{"taxonomy":"category","embeddable":true,"href":"https:\/\/icarlesesdevinguepiano.jlmirall.es\/index.php?rest_route=%2Fwp%2Fv2%2Fcategories&post=246"},{"taxonomy":"post_tag","embeddable":true,"href":"https:\/\/icarlesesdevinguepiano.jlmirall.es\/index.php?rest_route=%2Fwp%2Fv2%2Ftags&post=246"}],"curies":[{"name":"wp","href":"https:\/\/api.w.org\/{rel}","templated":true}]}}